{"id":4741,"date":"2023-01-17T14:26:09","date_gmt":"2023-01-17T14:26:09","guid":{"rendered":"https:\/\/jorpack.com\/?p=4741"},"modified":"2023-01-17T15:27:42","modified_gmt":"2023-01-17T15:27:42","slug":"4-facteurs-cles-pour-2023","status":"publish","type":"post","link":"https:\/\/jorpack.com\/fr\/nouvelles-en-vedette\/quatre-facteurs-cles-pour-le-secteur-de-l-emballage-en-2023\/","title":{"rendered":"4 facteurs cl\u00e9s pour le secteur de l\u2019emballage en 2023"},"content":{"rendered":"<p>Ce 2023 est pr\u00e9sent\u00e9 comme un moment cl\u00e9 pour les fabricants de machines, dans lequel nous devons prendre en compte un certain nombre de tendances \u00e9mergentes.<\/p>\n<p>On s\u2019attend notamment \u00e0 une augmentation de l\u2019automatisation et de la num\u00e9risation des processus ainsi qu\u2019\u00e0 l\u2019introduction de composants \u00e9lectriques pour am\u00e9liorer l\u2019efficacit\u00e9 \u00e9nerg\u00e9tique des \u00e9quipements. En outre, des am\u00e9liorations sont attendues en mati\u00e8re de s\u00e9curit\u00e9 et de connectivit\u00e9 des \u00e9quipements.<\/p>\n<p>Compte tenu de ces nouvelles tendances, il convient de souligner 4 facteurs cl\u00e9s qui marqueront le secteur de l\u2019emballage cette ann\u00e9e:<\/p>\n<p><span style=\"color: #c12a21;\"><strong>1. Durabilit\u00e9:<\/strong><\/span> les fabricants doivent s\u2019engager davantage en faveur de la durabilit\u00e9, en int\u00e9grant des moteurs et des composants \u00e9lectroniques \u00e0 faible consommation d\u2019\u00e9nergie, afin de r\u00e9aliser des \u00e9conomies d\u2019\u00e9nergie et de contribuer \u00e0 minimiser l\u2019impact environnemental.<\/p>\n<p><strong><span style=\"color: #c12a21;\">2. Connectivit\u00e9:<\/span><\/strong> Ces derni\u00e8res ann\u00e9es, la connectivit\u00e9 des \u00e9quipements a augment\u00e9, am\u00e9liorant la capacit\u00e9 de surveillance. Cela permet d\u2019analyser plus en d\u00e9tail les donn\u00e9es pour la prise de d\u00e9cision ult\u00e9rieure. De plus, la commande \u00e0 distance des machines permet d\u2019\u00e9viter les d\u00e9placements de techniciens sur place, en am\u00e9liorant le temps de r\u00e9ponse et l\u2019optimisation des temps de travail.<\/p>\n<p><strong><span style=\"color: #c12a21;\">3. Flexibilit\u00e9:<\/span><\/strong> les lignes de remplissage et de palettisation, en raison de la multitude de formats diff\u00e9rents demand\u00e9s par le march\u00e9, n\u00e9cessitent de plus en plus une plus grande flexibilit\u00e9 d\u2019adaptation \u00e0 des produits diff\u00e9rents, qui doivent \u00eatre trait\u00e9s sur la m\u00eame ligne. Cela implique un investissement accru dans le d\u00e9veloppement de nouveaux mod\u00e8les de produits susceptibles d\u2019apporter une valeur ajout\u00e9e \u00e0 la cha\u00eene de valeur.<\/p>\n<p><span style=\"color: #c12a21;\"><strong>4. Robotisation:<\/strong><\/span> de plus en plus de processus manuels sont automatis\u00e9s pour optimiser les temps de travail. Cela r\u00e9duit les temps de travail et les rend plus s\u00fbrs gr\u00e2ce \u00e0 l\u2019int\u00e9gration de syst\u00e8mes et de technologies de s\u00e9curit\u00e9 avanc\u00e9s, tout en minimisant les erreurs des processus de production.<\/p>\n","protected":false},"excerpt":{"rendered":"<p>Ce 2023 est pr\u00e9sent\u00e9 comme un moment cl\u00e9 pour les fabricants de machines, dans lequel nous devons prendre en compte un certain nombre de tendances \u00e9mergentes.<\/p>\n","protected":false},"author":4,"featured_media":4750,"comment_status":"closed","ping_status":"closed","sticky":false,"template":"","format":"standard","meta":{"_acf_changed":false,"footnotes":""},"categories":[116],"tags":[],"sector":[],"class_list":["post-4741","post","type-post","status-publish","format-standard","has-post-thumbnail","hentry","category-tendance"],"acf":[],"yoast_head":"<!-- This site is optimized with the Yoast SEO plugin v27.4 - https:\/\/yoast.com\/product\/yoast-seo-wordpress\/ -->\n<title>4 facteurs cl\u00e9s pour le secteur de l\u2019emballage en 2023 - Jorpack\u00ae<\/title>\n<meta name=\"description\" content=\"2023 se pr\u00e9sente comme un moment cl\u00e9 pour les fabricants et nous devons tenir compte de quatre facteurs pour le secteur de l\u2019emballage.\" \/>\n<meta name=\"robots\" content=\"index, follow, max-snippet:-1, max-image-preview:large, max-video-preview:-1\" \/>\n<link rel=\"canonical\" href=\"https:\/\/jorpack.com\/fr\/nouvelles-en-vedette\/quatre-facteurs-cles-pour-le-secteur-de-l-emballage-en-2023\/\" \/>\n<meta property=\"og:locale\" content=\"fr_FR\" \/>\n<meta property=\"og:type\" content=\"article\" \/>\n<meta property=\"og:title\" content=\"4 facteurs cl\u00e9s pour le secteur de l\u2019emballage en 2023 - Jorpack\u00ae\" \/>\n<meta property=\"og:description\" content=\"2023 se pr\u00e9sente comme un moment cl\u00e9 pour les fabricants et nous devons tenir compte de quatre facteurs pour le secteur de l\u2019emballage.\" \/>\n<meta property=\"og:url\" content=\"https:\/\/jorpack.com\/fr\/nouvelles-en-vedette\/quatre-facteurs-cles-pour-le-secteur-de-l-emballage-en-2023\/\" \/>\n<meta property=\"og:site_name\" content=\"Jorpack\u00ae\" \/>\n<meta property=\"article:published_time\" content=\"2023-01-17T14:26:09+00:00\" \/>\n<meta property=\"article:modified_time\" content=\"2023-01-17T15:27:42+00:00\" \/>\n<meta property=\"og:image\" content=\"https:\/\/jorpack.com\/wp-content\/uploads\/2023\/01\/img-portada-web-jorpack-tendencias-2023.jpg\" \/>\n\t<meta property=\"og:image:width\" content=\"632\" \/>\n\t<meta property=\"og:image:height\" content=\"632\" \/>\n\t<meta property=\"og:image:type\" content=\"image\/jpeg\" \/>\n<meta name=\"author\" content=\"Jorpack\" \/>\n<meta name=\"twitter:card\" content=\"summary_large_image\" \/>\n<meta name=\"twitter:label1\" content=\"\u00c9crit par\" \/>\n\t<meta name=\"twitter:data1\" content=\"Jorpack\" \/>\n\t<meta name=\"twitter:label2\" content=\"Dur\u00e9e de lecture estim\u00e9e\" \/>\n\t<meta name=\"twitter:data2\" content=\"2 minutes\" \/>\n<script type=\"application\/ld+json\" class=\"yoast-schema-graph\">{\"@context\":\"https:\\\/\\\/schema.org\",\"@graph\":[{\"@type\":\"Article\",\"@id\":\"https:\\\/\\\/jorpack.com\\\/fr\\\/nouvelles-en-vedette\\\/quatre-facteurs-cles-pour-le-secteur-de-l-emballage-en-2023\\\/#article\",\"isPartOf\":{\"@id\":\"https:\\\/\\\/jorpack.com\\\/fr\\\/nouvelles-en-vedette\\\/quatre-facteurs-cles-pour-le-secteur-de-l-emballage-en-2023\\\/\"},\"author\":{\"name\":\"Jorpack\",\"@id\":\"https:\\\/\\\/jorpack.com\\\/fr\\\/#\\\/schema\\\/person\\\/6da976c8ef524cf29dc624a84a654794\"},\"headline\":\"4 facteurs cl\u00e9s pour le secteur de l\u2019emballage en 2023\",\"datePublished\":\"2023-01-17T14:26:09+00:00\",\"dateModified\":\"2023-01-17T15:27:42+00:00\",\"mainEntityOfPage\":{\"@id\":\"https:\\\/\\\/jorpack.com\\\/fr\\\/nouvelles-en-vedette\\\/quatre-facteurs-cles-pour-le-secteur-de-l-emballage-en-2023\\\/\"},\"wordCount\":348,\"publisher\":{\"@id\":\"https:\\\/\\\/jorpack.com\\\/fr\\\/#organization\"},\"image\":{\"@id\":\"https:\\\/\\\/jorpack.com\\\/fr\\\/nouvelles-en-vedette\\\/quatre-facteurs-cles-pour-le-secteur-de-l-emballage-en-2023\\\/#primaryimage\"},\"thumbnailUrl\":\"https:\\\/\\\/jorpack.com\\\/wp-content\\\/uploads\\\/2023\\\/01\\\/img-portada-web-jorpack-tendencias-2023.jpg\",\"articleSection\":[\"Tendance\"],\"inLanguage\":\"fr-FR\"},{\"@type\":\"WebPage\",\"@id\":\"https:\\\/\\\/jorpack.com\\\/fr\\\/nouvelles-en-vedette\\\/quatre-facteurs-cles-pour-le-secteur-de-l-emballage-en-2023\\\/\",\"url\":\"https:\\\/\\\/jorpack.com\\\/fr\\\/nouvelles-en-vedette\\\/quatre-facteurs-cles-pour-le-secteur-de-l-emballage-en-2023\\\/\",\"name\":\"4 facteurs cl\u00e9s pour le secteur de l\u2019emballage en 2023 - Jorpack\u00ae\",\"isPartOf\":{\"@id\":\"https:\\\/\\\/jorpack.com\\\/fr\\\/#website\"},\"primaryImageOfPage\":{\"@id\":\"https:\\\/\\\/jorpack.com\\\/fr\\\/nouvelles-en-vedette\\\/quatre-facteurs-cles-pour-le-secteur-de-l-emballage-en-2023\\\/#primaryimage\"},\"image\":{\"@id\":\"https:\\\/\\\/jorpack.com\\\/fr\\\/nouvelles-en-vedette\\\/quatre-facteurs-cles-pour-le-secteur-de-l-emballage-en-2023\\\/#primaryimage\"},\"thumbnailUrl\":\"https:\\\/\\\/jorpack.com\\\/wp-content\\\/uploads\\\/2023\\\/01\\\/img-portada-web-jorpack-tendencias-2023.jpg\",\"datePublished\":\"2023-01-17T14:26:09+00:00\",\"dateModified\":\"2023-01-17T15:27:42+00:00\",\"description\":\"2023 se pr\u00e9sente comme un moment cl\u00e9 pour les fabricants et nous devons tenir compte de quatre facteurs pour le secteur de l\u2019emballage.\",\"breadcrumb\":{\"@id\":\"https:\\\/\\\/jorpack.com\\\/fr\\\/nouvelles-en-vedette\\\/quatre-facteurs-cles-pour-le-secteur-de-l-emballage-en-2023\\\/#breadcrumb\"},\"inLanguage\":\"fr-FR\",\"potentialAction\":[{\"@type\":\"ReadAction\",\"target\":[\"https:\\\/\\\/jorpack.com\\\/fr\\\/nouvelles-en-vedette\\\/quatre-facteurs-cles-pour-le-secteur-de-l-emballage-en-2023\\\/\"]}]},{\"@type\":\"ImageObject\",\"inLanguage\":\"fr-FR\",\"@id\":\"https:\\\/\\\/jorpack.com\\\/fr\\\/nouvelles-en-vedette\\\/quatre-facteurs-cles-pour-le-secteur-de-l-emballage-en-2023\\\/#primaryimage\",\"url\":\"https:\\\/\\\/jorpack.com\\\/wp-content\\\/uploads\\\/2023\\\/01\\\/img-portada-web-jorpack-tendencias-2023.jpg\",\"contentUrl\":\"https:\\\/\\\/jorpack.com\\\/wp-content\\\/uploads\\\/2023\\\/01\\\/img-portada-web-jorpack-tendencias-2023.jpg\",\"width\":632,\"height\":632,\"caption\":\"imagen de trabajadores de Jorpack\"},{\"@type\":\"BreadcrumbList\",\"@id\":\"https:\\\/\\\/jorpack.com\\\/fr\\\/nouvelles-en-vedette\\\/quatre-facteurs-cles-pour-le-secteur-de-l-emballage-en-2023\\\/#breadcrumb\",\"itemListElement\":[{\"@type\":\"ListItem\",\"position\":1,\"name\":\"Portada\",\"item\":\"https:\\\/\\\/jorpack.com\\\/fr\\\/\"},{\"@type\":\"ListItem\",\"position\":2,\"name\":\"4 facteurs cl\u00e9s pour le secteur de l\u2019emballage en 2023\"}]},{\"@type\":\"WebSite\",\"@id\":\"https:\\\/\\\/jorpack.com\\\/fr\\\/#website\",\"url\":\"https:\\\/\\\/jorpack.com\\\/fr\\\/\",\"name\":\"Jorpack\u00ae\",\"description\":\"Amplia selecci\u00f3n de Formadoras\",\"publisher\":{\"@id\":\"https:\\\/\\\/jorpack.com\\\/fr\\\/#organization\"},\"potentialAction\":[{\"@type\":\"SearchAction\",\"target\":{\"@type\":\"EntryPoint\",\"urlTemplate\":\"https:\\\/\\\/jorpack.com\\\/fr\\\/?s={search_term_string}\"},\"query-input\":{\"@type\":\"PropertyValueSpecification\",\"valueRequired\":true,\"valueName\":\"search_term_string\"}}],\"inLanguage\":\"fr-FR\"},{\"@type\":\"Organization\",\"@id\":\"https:\\\/\\\/jorpack.com\\\/fr\\\/#organization\",\"name\":\"Jorpack\u00ae\",\"url\":\"https:\\\/\\\/jorpack.com\\\/fr\\\/\",\"logo\":{\"@type\":\"ImageObject\",\"inLanguage\":\"fr-FR\",\"@id\":\"https:\\\/\\\/jorpack.com\\\/fr\\\/#\\\/schema\\\/logo\\\/image\\\/\",\"url\":\"https:\\\/\\\/jorpack.com\\\/wp-content\\\/uploads\\\/2022\\\/03\\\/cropped-jorpack-logotipo.png\",\"contentUrl\":\"https:\\\/\\\/jorpack.com\\\/wp-content\\\/uploads\\\/2022\\\/03\\\/cropped-jorpack-logotipo.png\",\"width\":500,\"height\":110,\"caption\":\"Jorpack\u00ae\"},\"image\":{\"@id\":\"https:\\\/\\\/jorpack.com\\\/fr\\\/#\\\/schema\\\/logo\\\/image\\\/\"}},{\"@type\":\"Person\",\"@id\":\"https:\\\/\\\/jorpack.com\\\/fr\\\/#\\\/schema\\\/person\\\/6da976c8ef524cf29dc624a84a654794\",\"name\":\"Jorpack\",\"image\":{\"@type\":\"ImageObject\",\"inLanguage\":\"fr-FR\",\"@id\":\"https:\\\/\\\/secure.gravatar.com\\\/avatar\\\/1798068d51df2c6ab6fc0cc682628e0df8716b45be1a78f16d6912fa8a02d647?s=96&d=mm&r=g\",\"url\":\"https:\\\/\\\/secure.gravatar.com\\\/avatar\\\/1798068d51df2c6ab6fc0cc682628e0df8716b45be1a78f16d6912fa8a02d647?s=96&d=mm&r=g\",\"contentUrl\":\"https:\\\/\\\/secure.gravatar.com\\\/avatar\\\/1798068d51df2c6ab6fc0cc682628e0df8716b45be1a78f16d6912fa8a02d647?s=96&d=mm&r=g\",\"caption\":\"Jorpack\"},\"url\":\"https:\\\/\\\/jorpack.com\\\/fr\\\/author\\\/marketingjorpack-com\\\/\"}]}<\/script>\n<!-- \/ Yoast SEO plugin. -->","yoast_head_json":{"title":"4 facteurs cl\u00e9s pour le secteur de l\u2019emballage en 2023 - Jorpack\u00ae","description":"2023 se pr\u00e9sente comme un moment cl\u00e9 pour les fabricants et nous devons tenir compte de quatre facteurs pour le secteur de l\u2019emballage.","robots":{"index":"index","follow":"follow","max-snippet":"max-snippet:-1","max-image-preview":"max-image-preview:large","max-video-preview":"max-video-preview:-1"},"canonical":"https:\/\/jorpack.com\/fr\/nouvelles-en-vedette\/quatre-facteurs-cles-pour-le-secteur-de-l-emballage-en-2023\/","og_locale":"fr_FR","og_type":"article","og_title":"4 facteurs cl\u00e9s pour le secteur de l\u2019emballage en 2023 - Jorpack\u00ae","og_description":"2023 se pr\u00e9sente comme un moment cl\u00e9 pour les fabricants et nous devons tenir compte de quatre facteurs pour le secteur de l\u2019emballage.","og_url":"https:\/\/jorpack.com\/fr\/nouvelles-en-vedette\/quatre-facteurs-cles-pour-le-secteur-de-l-emballage-en-2023\/","og_site_name":"Jorpack\u00ae","article_published_time":"2023-01-17T14:26:09+00:00","article_modified_time":"2023-01-17T15:27:42+00:00","og_image":[{"width":632,"height":632,"url":"https:\/\/jorpack.com\/wp-content\/uploads\/2023\/01\/img-portada-web-jorpack-tendencias-2023.jpg","type":"image\/jpeg"}],"author":"Jorpack","twitter_card":"summary_large_image","twitter_misc":{"\u00c9crit par":"Jorpack","Dur\u00e9e de lecture estim\u00e9e":"2 minutes"},"schema":{"@context":"https:\/\/schema.org","@graph":[{"@type":"Article","@id":"https:\/\/jorpack.com\/fr\/nouvelles-en-vedette\/quatre-facteurs-cles-pour-le-secteur-de-l-emballage-en-2023\/#article","isPartOf":{"@id":"https:\/\/jorpack.com\/fr\/nouvelles-en-vedette\/quatre-facteurs-cles-pour-le-secteur-de-l-emballage-en-2023\/"},"author":{"name":"Jorpack","@id":"https:\/\/jorpack.com\/fr\/#\/schema\/person\/6da976c8ef524cf29dc624a84a654794"},"headline":"4 facteurs cl\u00e9s pour le secteur de l\u2019emballage en 2023","datePublished":"2023-01-17T14:26:09+00:00","dateModified":"2023-01-17T15:27:42+00:00","mainEntityOfPage":{"@id":"https:\/\/jorpack.com\/fr\/nouvelles-en-vedette\/quatre-facteurs-cles-pour-le-secteur-de-l-emballage-en-2023\/"},"wordCount":348,"publisher":{"@id":"https:\/\/jorpack.com\/fr\/#organization"},"image":{"@id":"https:\/\/jorpack.com\/fr\/nouvelles-en-vedette\/quatre-facteurs-cles-pour-le-secteur-de-l-emballage-en-2023\/#primaryimage"},"thumbnailUrl":"https:\/\/jorpack.com\/wp-content\/uploads\/2023\/01\/img-portada-web-jorpack-tendencias-2023.jpg","articleSection":["Tendance"],"inLanguage":"fr-FR"},{"@type":"WebPage","@id":"https:\/\/jorpack.com\/fr\/nouvelles-en-vedette\/quatre-facteurs-cles-pour-le-secteur-de-l-emballage-en-2023\/","url":"https:\/\/jorpack.com\/fr\/nouvelles-en-vedette\/quatre-facteurs-cles-pour-le-secteur-de-l-emballage-en-2023\/","name":"4 facteurs cl\u00e9s pour le secteur de l\u2019emballage en 2023 - Jorpack\u00ae","isPartOf":{"@id":"https:\/\/jorpack.com\/fr\/#website"},"primaryImageOfPage":{"@id":"https:\/\/jorpack.com\/fr\/nouvelles-en-vedette\/quatre-facteurs-cles-pour-le-secteur-de-l-emballage-en-2023\/#primaryimage"},"image":{"@id":"https:\/\/jorpack.com\/fr\/nouvelles-en-vedette\/quatre-facteurs-cles-pour-le-secteur-de-l-emballage-en-2023\/#primaryimage"},"thumbnailUrl":"https:\/\/jorpack.com\/wp-content\/uploads\/2023\/01\/img-portada-web-jorpack-tendencias-2023.jpg","datePublished":"2023-01-17T14:26:09+00:00","dateModified":"2023-01-17T15:27:42+00:00","description":"2023 se pr\u00e9sente comme un moment cl\u00e9 pour les fabricants et nous devons tenir compte de quatre facteurs pour le secteur de l\u2019emballage.","breadcrumb":{"@id":"https:\/\/jorpack.com\/fr\/nouvelles-en-vedette\/quatre-facteurs-cles-pour-le-secteur-de-l-emballage-en-2023\/#breadcrumb"},"inLanguage":"fr-FR","potentialAction":[{"@type":"ReadAction","target":["https:\/\/jorpack.com\/fr\/nouvelles-en-vedette\/quatre-facteurs-cles-pour-le-secteur-de-l-emballage-en-2023\/"]}]},{"@type":"ImageObject","inLanguage":"fr-FR","@id":"https:\/\/jorpack.com\/fr\/nouvelles-en-vedette\/quatre-facteurs-cles-pour-le-secteur-de-l-emballage-en-2023\/#primaryimage","url":"https:\/\/jorpack.com\/wp-content\/uploads\/2023\/01\/img-portada-web-jorpack-tendencias-2023.jpg","contentUrl":"https:\/\/jorpack.com\/wp-content\/uploads\/2023\/01\/img-portada-web-jorpack-tendencias-2023.jpg","width":632,"height":632,"caption":"imagen de trabajadores de Jorpack"},{"@type":"BreadcrumbList","@id":"https:\/\/jorpack.com\/fr\/nouvelles-en-vedette\/quatre-facteurs-cles-pour-le-secteur-de-l-emballage-en-2023\/#breadcrumb","itemListElement":[{"@type":"ListItem","position":1,"name":"Portada","item":"https:\/\/jorpack.com\/fr\/"},{"@type":"ListItem","position":2,"name":"4 facteurs cl\u00e9s pour le secteur de l\u2019emballage en 2023"}]},{"@type":"WebSite","@id":"https:\/\/jorpack.com\/fr\/#website","url":"https:\/\/jorpack.com\/fr\/","name":"Jorpack\u00ae","description":"Amplia selecci\u00f3n de Formadoras","publisher":{"@id":"https:\/\/jorpack.com\/fr\/#organization"},"potentialAction":[{"@type":"SearchAction","target":{"@type":"EntryPoint","urlTemplate":"https:\/\/jorpack.com\/fr\/?s={search_term_string}"},"query-input":{"@type":"PropertyValueSpecification","valueRequired":true,"valueName":"search_term_string"}}],"inLanguage":"fr-FR"},{"@type":"Organization","@id":"https:\/\/jorpack.com\/fr\/#organization","name":"Jorpack\u00ae","url":"https:\/\/jorpack.com\/fr\/","logo":{"@type":"ImageObject","inLanguage":"fr-FR","@id":"https:\/\/jorpack.com\/fr\/#\/schema\/logo\/image\/","url":"https:\/\/jorpack.com\/wp-content\/uploads\/2022\/03\/cropped-jorpack-logotipo.png","contentUrl":"https:\/\/jorpack.com\/wp-content\/uploads\/2022\/03\/cropped-jorpack-logotipo.png","width":500,"height":110,"caption":"Jorpack\u00ae"},"image":{"@id":"https:\/\/jorpack.com\/fr\/#\/schema\/logo\/image\/"}},{"@type":"Person","@id":"https:\/\/jorpack.com\/fr\/#\/schema\/person\/6da976c8ef524cf29dc624a84a654794","name":"Jorpack","image":{"@type":"ImageObject","inLanguage":"fr-FR","@id":"https:\/\/secure.gravatar.com\/avatar\/1798068d51df2c6ab6fc0cc682628e0df8716b45be1a78f16d6912fa8a02d647?s=96&d=mm&r=g","url":"https:\/\/secure.gravatar.com\/avatar\/1798068d51df2c6ab6fc0cc682628e0df8716b45be1a78f16d6912fa8a02d647?s=96&d=mm&r=g","contentUrl":"https:\/\/secure.gravatar.com\/avatar\/1798068d51df2c6ab6fc0cc682628e0df8716b45be1a78f16d6912fa8a02d647?s=96&d=mm&r=g","caption":"Jorpack"},"url":"https:\/\/jorpack.com\/fr\/author\/marketingjorpack-com\/"}]}},"_links":{"self":[{"href":"https:\/\/jorpack.com\/fr\/wp-json\/wp\/v2\/posts\/4741","targetHints":{"allow":["GET"]}}],"collection":[{"href":"https:\/\/jorpack.com\/fr\/wp-json\/wp\/v2\/posts"}],"about":[{"href":"https:\/\/jorpack.com\/fr\/wp-json\/wp\/v2\/types\/post"}],"author":[{"embeddable":true,"href":"https:\/\/jorpack.com\/fr\/wp-json\/wp\/v2\/users\/4"}],"replies":[{"embeddable":true,"href":"https:\/\/jorpack.com\/fr\/wp-json\/wp\/v2\/comments?post=4741"}],"version-history":[{"count":0,"href":"https:\/\/jorpack.com\/fr\/wp-json\/wp\/v2\/posts\/4741\/revisions"}],"wp:featuredmedia":[{"embeddable":true,"href":"https:\/\/jorpack.com\/fr\/wp-json\/wp\/v2\/media\/4750"}],"wp:attachment":[{"href":"https:\/\/jorpack.com\/fr\/wp-json\/wp\/v2\/media?parent=4741"}],"wp:term":[{"taxonomy":"category","embeddable":true,"href":"https:\/\/jorpack.com\/fr\/wp-json\/wp\/v2\/categories?post=4741"},{"taxonomy":"post_tag","embeddable":true,"href":"https:\/\/jorpack.com\/fr\/wp-json\/wp\/v2\/tags?post=4741"},{"taxonomy":"sector","embeddable":true,"href":"https:\/\/jorpack.com\/fr\/wp-json\/wp\/v2\/sector?post=4741"}],"curies":[{"name":"wp","href":"https:\/\/api.w.org\/{rel}","templated":true}]}}