{"id":4740,"date":"2023-01-17T14:25:08","date_gmt":"2023-01-17T14:25:08","guid":{"rendered":"https:\/\/jorpack.com\/?p=4740"},"modified":"2023-01-17T15:27:28","modified_gmt":"2023-01-17T15:27:28","slug":"4-factors-pel-sector-del-packaging-el-2023","status":"publish","type":"post","link":"https:\/\/jorpack.com\/ca\/destacada-ca\/quatre-factors-clau-per-al-sector-del-packaging-el-2023\/","title":{"rendered":"4 factors clau per al sector del packaging el 2023"},"content":{"rendered":"<p>Aquest 2023 es presenta com un moment clau per als fabricants de maquin\u00e0ria, en qu\u00e8 haurem de tenir en compte una s\u00e8rie de tend\u00e8ncies emergents.<\/p>\n<p>Entre altres, es preveu un augment m\u00e9s gran en l&#8217;automatitzaci\u00f3 i la digitalitzaci\u00f3 dels processos, aix\u00ed com la incorporaci\u00f3 de components el\u00e8ctrics per millorar l&#8217;efici\u00e8ncia energ\u00e8tica dels equips.<\/p>\n<p>A m\u00e9s, s&#8217;esperen millores en la seguretat i la connectivitat dels equips. Tenint en compte aquestes noves tend\u00e8ncies, cal destacar 4 factors clau que marcaran el sector del packaging aquest any:<\/p>\n<p><span style=\"color: #c12a21;\"><strong>1. Sostenibilitat:<\/strong><\/span> els fabricants han d&#8217;apostar m\u00e9s per la sostenibilitat, mitjan\u00e7ant la incorporaci\u00f3 de motors i elements electr\u00f2nics de baix consum, per aconseguir un estalvi d&#8217;energia i contribuir a minimitzar l&#8217;impacte mediambiental.<\/p>\n<p><span style=\"color: #c12a21;\"><strong>2. Connectivitat:<\/strong><\/span> en els darrers anys, la connectivitat dels equips ha anat en augment, millorant la capacitat de monitoritzaci\u00f3. Aix\u00f2 permet analitzar amb m\u00e9s detall les dades, per a la posterior presa de decisions. A m\u00e9s, el control remot de les m\u00e0quines ofereix la possibilitat d&#8217;evitar despla\u00e7aments de t\u00e8cnics in situ, millorant el temps de resposta d&#8217;actuaci\u00f3 i optimitzaci\u00f3 de temps de treball.<\/p>\n<p><span style=\"color: #c12a21;\"><strong>3. Flexibilitat:<\/strong><\/span> les l\u00ednies d&#8217;encaixat i paletitzat, a causa de la gran infinitat de formats diferents que sol\u00b7licita el mercat, requereixen cada vegada m\u00e9s una flexibilitat m\u00e9s gran d&#8217;adaptaci\u00f3 a productes diversos, que s&#8217;han de processar per la mateixa l\u00ednia. Aix\u00f2 suposa una inversi\u00f3 m\u00e9s gran en el desenvolupament de nous models de producte que puguin aportar valor afegit a la cadena de valor.<\/p>\n<p><span style=\"color: #c12a21;\"><strong>4. Robotitzaci\u00f3:<\/strong><\/span> cada cop s\u00f3n m\u00e9s els processos manuals que s&#8217;automatitzen per optimitzar els temps de treball. D&#8217;aquesta manera, es redueixen temps de treball i els fan m\u00e9s segurs amb la incorporaci\u00f3 de sistemes i tecnologies de seguretat avan\u00e7ats, alhora que es minimitzen els errors dels processos de producci\u00f3.<\/p>\n<p>&nbsp;<\/p>\n","protected":false},"excerpt":{"rendered":"<p>Aquest 2023 es presenta com un moment clau per als fabricants de maquin\u00e0ria, en qu\u00e8 haurem de tenir en compte una s\u00e8rie de tend\u00e8ncies emergents.<\/p>\n","protected":false},"author":4,"featured_media":4749,"comment_status":"closed","ping_status":"closed","sticky":false,"template":"","format":"standard","meta":{"_acf_changed":false,"footnotes":""},"categories":[76],"tags":[],"sector":[],"class_list":["post-4740","post","type-post","status-publish","format-standard","has-post-thumbnail","hentry","category-empresa-cat"],"acf":[],"yoast_head":"<!-- This site is optimized with the Yoast SEO plugin v27.5 - https:\/\/yoast.com\/product\/yoast-seo-wordpress\/ -->\n<title>4 factors clau per al sector del packaging el 2023 - Jorpack\u00ae<\/title>\n<meta name=\"description\" content=\"2023 es presenta com un moment clau pels fabricants i hem de tenir en compte quatre factors pel sector del packaging\" \/>\n<meta name=\"robots\" content=\"index, follow, max-snippet:-1, max-image-preview:large, max-video-preview:-1\" \/>\n<link rel=\"canonical\" href=\"https:\/\/jorpack.com\/ca\/destacada-ca\/quatre-factors-clau-per-al-sector-del-packaging-el-2023\/\" \/>\n<meta property=\"og:locale\" content=\"ca_ES\" \/>\n<meta property=\"og:type\" content=\"article\" \/>\n<meta property=\"og:title\" content=\"4 factors clau per al sector del packaging el 2023 - Jorpack\u00ae\" \/>\n<meta property=\"og:description\" content=\"2023 es presenta com un moment clau pels fabricants i hem de tenir en compte quatre factors pel sector del packaging\" \/>\n<meta property=\"og:url\" content=\"https:\/\/jorpack.com\/ca\/destacada-ca\/quatre-factors-clau-per-al-sector-del-packaging-el-2023\/\" \/>\n<meta property=\"og:site_name\" content=\"Jorpack\u00ae\" \/>\n<meta property=\"article:published_time\" content=\"2023-01-17T14:25:08+00:00\" \/>\n<meta property=\"article:modified_time\" content=\"2023-01-17T15:27:28+00:00\" \/>\n<meta property=\"og:image\" content=\"https:\/\/jorpack.com\/wp-content\/uploads\/2023\/01\/img-portada-web-jorpack-tendencias-2023.jpg\" \/>\n\t<meta property=\"og:image:width\" content=\"632\" \/>\n\t<meta property=\"og:image:height\" content=\"632\" \/>\n\t<meta property=\"og:image:type\" content=\"image\/jpeg\" \/>\n<meta name=\"author\" content=\"Jorpack\" \/>\n<meta name=\"twitter:card\" content=\"summary_large_image\" \/>\n<meta name=\"twitter:label1\" content=\"Escrit per\" \/>\n\t<meta name=\"twitter:data1\" content=\"Jorpack\" \/>\n\t<meta name=\"twitter:label2\" content=\"Temps estimat de lectura\" \/>\n\t<meta name=\"twitter:data2\" content=\"2 minuts\" \/>\n<script type=\"application\/ld+json\" class=\"yoast-schema-graph\">{\"@context\":\"https:\\\/\\\/schema.org\",\"@graph\":[{\"@type\":\"Article\",\"@id\":\"https:\\\/\\\/jorpack.com\\\/ca\\\/destacada-ca\\\/quatre-factors-clau-per-al-sector-del-packaging-el-2023\\\/#article\",\"isPartOf\":{\"@id\":\"https:\\\/\\\/jorpack.com\\\/ca\\\/destacada-ca\\\/quatre-factors-clau-per-al-sector-del-packaging-el-2023\\\/\"},\"author\":{\"name\":\"Jorpack\",\"@id\":\"https:\\\/\\\/jorpack.com\\\/ca\\\/#\\\/schema\\\/person\\\/6da976c8ef524cf29dc624a84a654794\"},\"headline\":\"4 factors clau per al sector del packaging el 2023\",\"datePublished\":\"2023-01-17T14:25:08+00:00\",\"dateModified\":\"2023-01-17T15:27:28+00:00\",\"mainEntityOfPage\":{\"@id\":\"https:\\\/\\\/jorpack.com\\\/ca\\\/destacada-ca\\\/quatre-factors-clau-per-al-sector-del-packaging-el-2023\\\/\"},\"wordCount\":322,\"publisher\":{\"@id\":\"https:\\\/\\\/jorpack.com\\\/ca\\\/#organization\"},\"image\":{\"@id\":\"https:\\\/\\\/jorpack.com\\\/ca\\\/destacada-ca\\\/quatre-factors-clau-per-al-sector-del-packaging-el-2023\\\/#primaryimage\"},\"thumbnailUrl\":\"https:\\\/\\\/jorpack.com\\\/wp-content\\\/uploads\\\/2023\\\/01\\\/img-portada-web-jorpack-tendencias-2023.jpg\",\"articleSection\":[\"Empresa\"],\"inLanguage\":\"ca\"},{\"@type\":\"WebPage\",\"@id\":\"https:\\\/\\\/jorpack.com\\\/ca\\\/destacada-ca\\\/quatre-factors-clau-per-al-sector-del-packaging-el-2023\\\/\",\"url\":\"https:\\\/\\\/jorpack.com\\\/ca\\\/destacada-ca\\\/quatre-factors-clau-per-al-sector-del-packaging-el-2023\\\/\",\"name\":\"4 factors clau per al sector del packaging el 2023 - Jorpack\u00ae\",\"isPartOf\":{\"@id\":\"https:\\\/\\\/jorpack.com\\\/ca\\\/#website\"},\"primaryImageOfPage\":{\"@id\":\"https:\\\/\\\/jorpack.com\\\/ca\\\/destacada-ca\\\/quatre-factors-clau-per-al-sector-del-packaging-el-2023\\\/#primaryimage\"},\"image\":{\"@id\":\"https:\\\/\\\/jorpack.com\\\/ca\\\/destacada-ca\\\/quatre-factors-clau-per-al-sector-del-packaging-el-2023\\\/#primaryimage\"},\"thumbnailUrl\":\"https:\\\/\\\/jorpack.com\\\/wp-content\\\/uploads\\\/2023\\\/01\\\/img-portada-web-jorpack-tendencias-2023.jpg\",\"datePublished\":\"2023-01-17T14:25:08+00:00\",\"dateModified\":\"2023-01-17T15:27:28+00:00\",\"description\":\"2023 es presenta com un moment clau pels fabricants i hem de tenir en compte quatre factors pel sector del packaging\",\"breadcrumb\":{\"@id\":\"https:\\\/\\\/jorpack.com\\\/ca\\\/destacada-ca\\\/quatre-factors-clau-per-al-sector-del-packaging-el-2023\\\/#breadcrumb\"},\"inLanguage\":\"ca\",\"potentialAction\":[{\"@type\":\"ReadAction\",\"target\":[\"https:\\\/\\\/jorpack.com\\\/ca\\\/destacada-ca\\\/quatre-factors-clau-per-al-sector-del-packaging-el-2023\\\/\"]}]},{\"@type\":\"ImageObject\",\"inLanguage\":\"ca\",\"@id\":\"https:\\\/\\\/jorpack.com\\\/ca\\\/destacada-ca\\\/quatre-factors-clau-per-al-sector-del-packaging-el-2023\\\/#primaryimage\",\"url\":\"https:\\\/\\\/jorpack.com\\\/wp-content\\\/uploads\\\/2023\\\/01\\\/img-portada-web-jorpack-tendencias-2023.jpg\",\"contentUrl\":\"https:\\\/\\\/jorpack.com\\\/wp-content\\\/uploads\\\/2023\\\/01\\\/img-portada-web-jorpack-tendencias-2023.jpg\",\"width\":632,\"height\":632,\"caption\":\"imagen de trabajadores de Jorpack\"},{\"@type\":\"BreadcrumbList\",\"@id\":\"https:\\\/\\\/jorpack.com\\\/ca\\\/destacada-ca\\\/quatre-factors-clau-per-al-sector-del-packaging-el-2023\\\/#breadcrumb\",\"itemListElement\":[{\"@type\":\"ListItem\",\"position\":1,\"name\":\"Portada\",\"item\":\"https:\\\/\\\/jorpack.com\\\/ca\\\/\"},{\"@type\":\"ListItem\",\"position\":2,\"name\":\"4 factors clau per al sector del packaging el 2023\"}]},{\"@type\":\"WebSite\",\"@id\":\"https:\\\/\\\/jorpack.com\\\/ca\\\/#website\",\"url\":\"https:\\\/\\\/jorpack.com\\\/ca\\\/\",\"name\":\"Jorpack\u00ae\",\"description\":\"Amplia selecci\u00f3n de Formadoras\",\"publisher\":{\"@id\":\"https:\\\/\\\/jorpack.com\\\/ca\\\/#organization\"},\"potentialAction\":[{\"@type\":\"SearchAction\",\"target\":{\"@type\":\"EntryPoint\",\"urlTemplate\":\"https:\\\/\\\/jorpack.com\\\/ca\\\/?s={search_term_string}\"},\"query-input\":{\"@type\":\"PropertyValueSpecification\",\"valueRequired\":true,\"valueName\":\"search_term_string\"}}],\"inLanguage\":\"ca\"},{\"@type\":\"Organization\",\"@id\":\"https:\\\/\\\/jorpack.com\\\/ca\\\/#organization\",\"name\":\"Jorpack\u00ae\",\"url\":\"https:\\\/\\\/jorpack.com\\\/ca\\\/\",\"logo\":{\"@type\":\"ImageObject\",\"inLanguage\":\"ca\",\"@id\":\"https:\\\/\\\/jorpack.com\\\/ca\\\/#\\\/schema\\\/logo\\\/image\\\/\",\"url\":\"https:\\\/\\\/jorpack.com\\\/wp-content\\\/uploads\\\/2022\\\/03\\\/cropped-jorpack-logotipo.png\",\"contentUrl\":\"https:\\\/\\\/jorpack.com\\\/wp-content\\\/uploads\\\/2022\\\/03\\\/cropped-jorpack-logotipo.png\",\"width\":500,\"height\":110,\"caption\":\"Jorpack\u00ae\"},\"image\":{\"@id\":\"https:\\\/\\\/jorpack.com\\\/ca\\\/#\\\/schema\\\/logo\\\/image\\\/\"}},{\"@type\":\"Person\",\"@id\":\"https:\\\/\\\/jorpack.com\\\/ca\\\/#\\\/schema\\\/person\\\/6da976c8ef524cf29dc624a84a654794\",\"name\":\"Jorpack\",\"image\":{\"@type\":\"ImageObject\",\"inLanguage\":\"ca\",\"@id\":\"https:\\\/\\\/secure.gravatar.com\\\/avatar\\\/1798068d51df2c6ab6fc0cc682628e0df8716b45be1a78f16d6912fa8a02d647?s=96&d=mm&r=g\",\"url\":\"https:\\\/\\\/secure.gravatar.com\\\/avatar\\\/1798068d51df2c6ab6fc0cc682628e0df8716b45be1a78f16d6912fa8a02d647?s=96&d=mm&r=g\",\"contentUrl\":\"https:\\\/\\\/secure.gravatar.com\\\/avatar\\\/1798068d51df2c6ab6fc0cc682628e0df8716b45be1a78f16d6912fa8a02d647?s=96&d=mm&r=g\",\"caption\":\"Jorpack\"},\"url\":\"https:\\\/\\\/jorpack.com\\\/ca\\\/author\\\/marketingjorpack-com\\\/\"}]}<\/script>\n<!-- \/ Yoast SEO plugin. -->","yoast_head_json":{"title":"4 factors clau per al sector del packaging el 2023 - Jorpack\u00ae","description":"2023 es presenta com un moment clau pels fabricants i hem de tenir en compte quatre factors pel sector del packaging","robots":{"index":"index","follow":"follow","max-snippet":"max-snippet:-1","max-image-preview":"max-image-preview:large","max-video-preview":"max-video-preview:-1"},"canonical":"https:\/\/jorpack.com\/ca\/destacada-ca\/quatre-factors-clau-per-al-sector-del-packaging-el-2023\/","og_locale":"ca_ES","og_type":"article","og_title":"4 factors clau per al sector del packaging el 2023 - Jorpack\u00ae","og_description":"2023 es presenta com un moment clau pels fabricants i hem de tenir en compte quatre factors pel sector del packaging","og_url":"https:\/\/jorpack.com\/ca\/destacada-ca\/quatre-factors-clau-per-al-sector-del-packaging-el-2023\/","og_site_name":"Jorpack\u00ae","article_published_time":"2023-01-17T14:25:08+00:00","article_modified_time":"2023-01-17T15:27:28+00:00","og_image":[{"width":632,"height":632,"url":"https:\/\/jorpack.com\/wp-content\/uploads\/2023\/01\/img-portada-web-jorpack-tendencias-2023.jpg","type":"image\/jpeg"}],"author":"Jorpack","twitter_card":"summary_large_image","twitter_misc":{"Escrit per":"Jorpack","Temps estimat de lectura":"2 minuts"},"schema":{"@context":"https:\/\/schema.org","@graph":[{"@type":"Article","@id":"https:\/\/jorpack.com\/ca\/destacada-ca\/quatre-factors-clau-per-al-sector-del-packaging-el-2023\/#article","isPartOf":{"@id":"https:\/\/jorpack.com\/ca\/destacada-ca\/quatre-factors-clau-per-al-sector-del-packaging-el-2023\/"},"author":{"name":"Jorpack","@id":"https:\/\/jorpack.com\/ca\/#\/schema\/person\/6da976c8ef524cf29dc624a84a654794"},"headline":"4 factors clau per al sector del packaging el 2023","datePublished":"2023-01-17T14:25:08+00:00","dateModified":"2023-01-17T15:27:28+00:00","mainEntityOfPage":{"@id":"https:\/\/jorpack.com\/ca\/destacada-ca\/quatre-factors-clau-per-al-sector-del-packaging-el-2023\/"},"wordCount":322,"publisher":{"@id":"https:\/\/jorpack.com\/ca\/#organization"},"image":{"@id":"https:\/\/jorpack.com\/ca\/destacada-ca\/quatre-factors-clau-per-al-sector-del-packaging-el-2023\/#primaryimage"},"thumbnailUrl":"https:\/\/jorpack.com\/wp-content\/uploads\/2023\/01\/img-portada-web-jorpack-tendencias-2023.jpg","articleSection":["Empresa"],"inLanguage":"ca"},{"@type":"WebPage","@id":"https:\/\/jorpack.com\/ca\/destacada-ca\/quatre-factors-clau-per-al-sector-del-packaging-el-2023\/","url":"https:\/\/jorpack.com\/ca\/destacada-ca\/quatre-factors-clau-per-al-sector-del-packaging-el-2023\/","name":"4 factors clau per al sector del packaging el 2023 - Jorpack\u00ae","isPartOf":{"@id":"https:\/\/jorpack.com\/ca\/#website"},"primaryImageOfPage":{"@id":"https:\/\/jorpack.com\/ca\/destacada-ca\/quatre-factors-clau-per-al-sector-del-packaging-el-2023\/#primaryimage"},"image":{"@id":"https:\/\/jorpack.com\/ca\/destacada-ca\/quatre-factors-clau-per-al-sector-del-packaging-el-2023\/#primaryimage"},"thumbnailUrl":"https:\/\/jorpack.com\/wp-content\/uploads\/2023\/01\/img-portada-web-jorpack-tendencias-2023.jpg","datePublished":"2023-01-17T14:25:08+00:00","dateModified":"2023-01-17T15:27:28+00:00","description":"2023 es presenta com un moment clau pels fabricants i hem de tenir en compte quatre factors pel sector del packaging","breadcrumb":{"@id":"https:\/\/jorpack.com\/ca\/destacada-ca\/quatre-factors-clau-per-al-sector-del-packaging-el-2023\/#breadcrumb"},"inLanguage":"ca","potentialAction":[{"@type":"ReadAction","target":["https:\/\/jorpack.com\/ca\/destacada-ca\/quatre-factors-clau-per-al-sector-del-packaging-el-2023\/"]}]},{"@type":"ImageObject","inLanguage":"ca","@id":"https:\/\/jorpack.com\/ca\/destacada-ca\/quatre-factors-clau-per-al-sector-del-packaging-el-2023\/#primaryimage","url":"https:\/\/jorpack.com\/wp-content\/uploads\/2023\/01\/img-portada-web-jorpack-tendencias-2023.jpg","contentUrl":"https:\/\/jorpack.com\/wp-content\/uploads\/2023\/01\/img-portada-web-jorpack-tendencias-2023.jpg","width":632,"height":632,"caption":"imagen de trabajadores de Jorpack"},{"@type":"BreadcrumbList","@id":"https:\/\/jorpack.com\/ca\/destacada-ca\/quatre-factors-clau-per-al-sector-del-packaging-el-2023\/#breadcrumb","itemListElement":[{"@type":"ListItem","position":1,"name":"Portada","item":"https:\/\/jorpack.com\/ca\/"},{"@type":"ListItem","position":2,"name":"4 factors clau per al sector del packaging el 2023"}]},{"@type":"WebSite","@id":"https:\/\/jorpack.com\/ca\/#website","url":"https:\/\/jorpack.com\/ca\/","name":"Jorpack\u00ae","description":"Amplia selecci\u00f3n de Formadoras","publisher":{"@id":"https:\/\/jorpack.com\/ca\/#organization"},"potentialAction":[{"@type":"SearchAction","target":{"@type":"EntryPoint","urlTemplate":"https:\/\/jorpack.com\/ca\/?s={search_term_string}"},"query-input":{"@type":"PropertyValueSpecification","valueRequired":true,"valueName":"search_term_string"}}],"inLanguage":"ca"},{"@type":"Organization","@id":"https:\/\/jorpack.com\/ca\/#organization","name":"Jorpack\u00ae","url":"https:\/\/jorpack.com\/ca\/","logo":{"@type":"ImageObject","inLanguage":"ca","@id":"https:\/\/jorpack.com\/ca\/#\/schema\/logo\/image\/","url":"https:\/\/jorpack.com\/wp-content\/uploads\/2022\/03\/cropped-jorpack-logotipo.png","contentUrl":"https:\/\/jorpack.com\/wp-content\/uploads\/2022\/03\/cropped-jorpack-logotipo.png","width":500,"height":110,"caption":"Jorpack\u00ae"},"image":{"@id":"https:\/\/jorpack.com\/ca\/#\/schema\/logo\/image\/"}},{"@type":"Person","@id":"https:\/\/jorpack.com\/ca\/#\/schema\/person\/6da976c8ef524cf29dc624a84a654794","name":"Jorpack","image":{"@type":"ImageObject","inLanguage":"ca","@id":"https:\/\/secure.gravatar.com\/avatar\/1798068d51df2c6ab6fc0cc682628e0df8716b45be1a78f16d6912fa8a02d647?s=96&d=mm&r=g","url":"https:\/\/secure.gravatar.com\/avatar\/1798068d51df2c6ab6fc0cc682628e0df8716b45be1a78f16d6912fa8a02d647?s=96&d=mm&r=g","contentUrl":"https:\/\/secure.gravatar.com\/avatar\/1798068d51df2c6ab6fc0cc682628e0df8716b45be1a78f16d6912fa8a02d647?s=96&d=mm&r=g","caption":"Jorpack"},"url":"https:\/\/jorpack.com\/ca\/author\/marketingjorpack-com\/"}]}},"_links":{"self":[{"href":"https:\/\/jorpack.com\/ca\/wp-json\/wp\/v2\/posts\/4740","targetHints":{"allow":["GET"]}}],"collection":[{"href":"https:\/\/jorpack.com\/ca\/wp-json\/wp\/v2\/posts"}],"about":[{"href":"https:\/\/jorpack.com\/ca\/wp-json\/wp\/v2\/types\/post"}],"author":[{"embeddable":true,"href":"https:\/\/jorpack.com\/ca\/wp-json\/wp\/v2\/users\/4"}],"replies":[{"embeddable":true,"href":"https:\/\/jorpack.com\/ca\/wp-json\/wp\/v2\/comments?post=4740"}],"version-history":[{"count":0,"href":"https:\/\/jorpack.com\/ca\/wp-json\/wp\/v2\/posts\/4740\/revisions"}],"wp:featuredmedia":[{"embeddable":true,"href":"https:\/\/jorpack.com\/ca\/wp-json\/wp\/v2\/media\/4749"}],"wp:attachment":[{"href":"https:\/\/jorpack.com\/ca\/wp-json\/wp\/v2\/media?parent=4740"}],"wp:term":[{"taxonomy":"category","embeddable":true,"href":"https:\/\/jorpack.com\/ca\/wp-json\/wp\/v2\/categories?post=4740"},{"taxonomy":"post_tag","embeddable":true,"href":"https:\/\/jorpack.com\/ca\/wp-json\/wp\/v2\/tags?post=4740"},{"taxonomy":"sector","embeddable":true,"href":"https:\/\/jorpack.com\/ca\/wp-json\/wp\/v2\/sector?post=4740"}],"curies":[{"name":"wp","href":"https:\/\/api.w.org\/{rel}","templated":true}]}}