{"id":13893,"date":"2025-02-07T07:49:09","date_gmt":"2025-02-07T07:49:09","guid":{"rendered":"https:\/\/jorpack.com\/?p=13893"},"modified":"2025-02-07T07:49:09","modified_gmt":"2025-02-07T07:49:09","slug":"especial-enomaq-2025","status":"publish","type":"post","link":"https:\/\/jorpack.com\/ca\/destacada-ca\/jorpack-estara-a-enomaq-2025-2\/","title":{"rendered":"Especial Enomaq 2025"},"content":{"rendered":"<p>\ud83d\udca5 Ja est\u00e0 aqu\u00ed el nostre Especial Jorpack &#8211; Fira Enomaq 2025! \ud83d\udc49\ud83c\udffc <a href=\"https:\/\/jorpack.com\/wp-content\/uploads\/2025\/02\/Jorpack-Especial-Enomaq-2025.pdf\">Jorpack Especial Enomaq 2025<\/a><\/p>\n<p>\ud83e\udd29 Estem emocionats de presentar-vos la <strong><b>tercera edici\u00f3<\/b><\/strong> de la nostra revista, creada especialment per a aquesta fira.<\/p>\n<p>Des de fa tres anys, a cada esdeveniment al qu\u00e8 anem, editem una publicaci\u00f3 \u00fanica on:<\/p>\n<ul>\n<li>Donem veu a grans professionals del sector.<\/li>\n<li>Presentem les nostres novetats.<\/li>\n<li>I compartim les claus m\u00e9s interessants del m\u00f3n del packaging.<\/li>\n<\/ul>\n<p>En aquesta ocasi\u00f3, hem tingut l&#8217;honor de comtar amb la col\u00b7laboraci\u00f3 de referents del sector com:<\/p>\n<p>\u2728 <strong>Fernando Ezquerro<\/strong>, President del &#8220;Consejo Regulador de la Denominaci\u00f3n de Origen Calificada (DOCa Rioja)&#8221;<\/p>\n<p>\u2728\u00a0<strong><b>Joaquim Tosas<\/b><\/strong>, President de la &#8220;Asociaci\u00f3n de Elaboradores de Cava (AECAVA).&#8221;<\/p>\n<p>\u2728\u00a0<strong><b>Francisco Ruiz Gallego<\/b><\/strong>, President de la &#8220;Asociaci\u00f3n Espa\u00f1ola de T\u00e9cnicos de Cerveza y Malta (AETCM).&#8221;<\/p>\n<p>&nbsp;<\/p>\n<p>No et perdis les seves valuoses reflexions sobre el present i el futur d&#8217;aquests sectors.<\/p>\n<p>\ud83d\udcab Gr\u00e0cies a tots per fer possible la revista!<\/p>\n","protected":false},"excerpt":{"rendered":"<p>Descobreix la tercera edici\u00f3 de la nostra revista &#8220;Packaging con voces expertas&#8221;, un especial per a la Fira Enomaq 2025, a Fira Saragossa.<\/p>\n","protected":false},"author":4,"featured_media":14032,"comment_status":"closed","ping_status":"closed","sticky":false,"template":"","format":"standard","meta":{"_acf_changed":false,"footnotes":""},"categories":[76],"tags":[],"sector":[],"class_list":["post-13893","post","type-post","status-publish","format-standard","has-post-thumbnail","hentry","category-empresa-cat"],"acf":[],"yoast_head":"<!-- This site is optimized with the Yoast SEO plugin v27.5 - https:\/\/yoast.com\/product\/yoast-seo-wordpress\/ -->\n<title>Especial Enomaq 2025 - Jorpack\u00ae<\/title>\n<meta name=\"description\" content=\"Descobreix la tercera edici\u00f3 de la nostra revista &quot;Packaging con voces expertas&quot;, un especial per a la Fira Enomaq 2025, a Fira Saragossa.\" \/>\n<meta name=\"robots\" content=\"index, follow, max-snippet:-1, max-image-preview:large, max-video-preview:-1\" \/>\n<link rel=\"canonical\" href=\"https:\/\/jorpack.com\/ca\/destacada-ca\/jorpack-estara-a-enomaq-2025-2\/\" \/>\n<meta property=\"og:locale\" content=\"ca_ES\" \/>\n<meta property=\"og:type\" content=\"article\" \/>\n<meta property=\"og:title\" content=\"Especial Enomaq 2025 - Jorpack\u00ae\" \/>\n<meta property=\"og:description\" content=\"Descobreix la tercera edici\u00f3 de la nostra revista &quot;Packaging con voces expertas&quot;, un especial per a la Fira Enomaq 2025, a Fira Saragossa.\" \/>\n<meta property=\"og:url\" content=\"https:\/\/jorpack.com\/ca\/destacada-ca\/jorpack-estara-a-enomaq-2025-2\/\" \/>\n<meta property=\"og:site_name\" content=\"Jorpack\u00ae\" \/>\n<meta property=\"article:published_time\" content=\"2025-02-07T07:49:09+00:00\" \/>\n<meta property=\"og:image\" content=\"https:\/\/jorpack.com\/wp-content\/uploads\/2025\/02\/post-linkedin-revista-enomaq-descarga_1x1-cat.jpg\" \/>\n\t<meta property=\"og:image:width\" content=\"700\" \/>\n\t<meta property=\"og:image:height\" content=\"700\" \/>\n\t<meta property=\"og:image:type\" content=\"image\/jpeg\" \/>\n<meta name=\"author\" content=\"Jorpack\" \/>\n<meta name=\"twitter:card\" content=\"summary_large_image\" \/>\n<meta name=\"twitter:label1\" content=\"Escrit per\" \/>\n\t<meta name=\"twitter:data1\" content=\"Jorpack\" \/>\n\t<meta name=\"twitter:label2\" content=\"Temps estimat de lectura\" \/>\n\t<meta name=\"twitter:data2\" content=\"1 minut\" \/>\n<script type=\"application\/ld+json\" class=\"yoast-schema-graph\">{\"@context\":\"https:\\\/\\\/schema.org\",\"@graph\":[{\"@type\":\"Article\",\"@id\":\"https:\\\/\\\/jorpack.com\\\/ca\\\/destacada-ca\\\/jorpack-estara-a-enomaq-2025-2\\\/#article\",\"isPartOf\":{\"@id\":\"https:\\\/\\\/jorpack.com\\\/ca\\\/destacada-ca\\\/jorpack-estara-a-enomaq-2025-2\\\/\"},\"author\":{\"name\":\"Jorpack\",\"@id\":\"https:\\\/\\\/jorpack.com\\\/ca\\\/#\\\/schema\\\/person\\\/6da976c8ef524cf29dc624a84a654794\"},\"headline\":\"Especial Enomaq 2025\",\"datePublished\":\"2025-02-07T07:49:09+00:00\",\"mainEntityOfPage\":{\"@id\":\"https:\\\/\\\/jorpack.com\\\/ca\\\/destacada-ca\\\/jorpack-estara-a-enomaq-2025-2\\\/\"},\"wordCount\":158,\"publisher\":{\"@id\":\"https:\\\/\\\/jorpack.com\\\/ca\\\/#organization\"},\"image\":{\"@id\":\"https:\\\/\\\/jorpack.com\\\/ca\\\/destacada-ca\\\/jorpack-estara-a-enomaq-2025-2\\\/#primaryimage\"},\"thumbnailUrl\":\"https:\\\/\\\/jorpack.com\\\/wp-content\\\/uploads\\\/2025\\\/02\\\/post-linkedin-revista-enomaq-descarga_1x1-cat.jpg\",\"articleSection\":[\"Empresa\"],\"inLanguage\":\"ca\"},{\"@type\":\"WebPage\",\"@id\":\"https:\\\/\\\/jorpack.com\\\/ca\\\/destacada-ca\\\/jorpack-estara-a-enomaq-2025-2\\\/\",\"url\":\"https:\\\/\\\/jorpack.com\\\/ca\\\/destacada-ca\\\/jorpack-estara-a-enomaq-2025-2\\\/\",\"name\":\"Especial Enomaq 2025 - Jorpack\u00ae\",\"isPartOf\":{\"@id\":\"https:\\\/\\\/jorpack.com\\\/ca\\\/#website\"},\"primaryImageOfPage\":{\"@id\":\"https:\\\/\\\/jorpack.com\\\/ca\\\/destacada-ca\\\/jorpack-estara-a-enomaq-2025-2\\\/#primaryimage\"},\"image\":{\"@id\":\"https:\\\/\\\/jorpack.com\\\/ca\\\/destacada-ca\\\/jorpack-estara-a-enomaq-2025-2\\\/#primaryimage\"},\"thumbnailUrl\":\"https:\\\/\\\/jorpack.com\\\/wp-content\\\/uploads\\\/2025\\\/02\\\/post-linkedin-revista-enomaq-descarga_1x1-cat.jpg\",\"datePublished\":\"2025-02-07T07:49:09+00:00\",\"description\":\"Descobreix la tercera edici\u00f3 de la nostra revista \\\"Packaging con voces expertas\\\", un especial per a la Fira Enomaq 2025, a Fira Saragossa.\",\"breadcrumb\":{\"@id\":\"https:\\\/\\\/jorpack.com\\\/ca\\\/destacada-ca\\\/jorpack-estara-a-enomaq-2025-2\\\/#breadcrumb\"},\"inLanguage\":\"ca\",\"potentialAction\":[{\"@type\":\"ReadAction\",\"target\":[\"https:\\\/\\\/jorpack.com\\\/ca\\\/destacada-ca\\\/jorpack-estara-a-enomaq-2025-2\\\/\"]}]},{\"@type\":\"ImageObject\",\"inLanguage\":\"ca\",\"@id\":\"https:\\\/\\\/jorpack.com\\\/ca\\\/destacada-ca\\\/jorpack-estara-a-enomaq-2025-2\\\/#primaryimage\",\"url\":\"https:\\\/\\\/jorpack.com\\\/wp-content\\\/uploads\\\/2025\\\/02\\\/post-linkedin-revista-enomaq-descarga_1x1-cat.jpg\",\"contentUrl\":\"https:\\\/\\\/jorpack.com\\\/wp-content\\\/uploads\\\/2025\\\/02\\\/post-linkedin-revista-enomaq-descarga_1x1-cat.jpg\",\"width\":700,\"height\":700,\"caption\":\"Portada de la revista especial d'enomaq 2025.\"},{\"@type\":\"BreadcrumbList\",\"@id\":\"https:\\\/\\\/jorpack.com\\\/ca\\\/destacada-ca\\\/jorpack-estara-a-enomaq-2025-2\\\/#breadcrumb\",\"itemListElement\":[{\"@type\":\"ListItem\",\"position\":1,\"name\":\"Portada\",\"item\":\"https:\\\/\\\/jorpack.com\\\/ca\\\/\"},{\"@type\":\"ListItem\",\"position\":2,\"name\":\"Especial Enomaq 2025\"}]},{\"@type\":\"WebSite\",\"@id\":\"https:\\\/\\\/jorpack.com\\\/ca\\\/#website\",\"url\":\"https:\\\/\\\/jorpack.com\\\/ca\\\/\",\"name\":\"Jorpack\u00ae\",\"description\":\"Amplia selecci\u00f3n de Formadoras\",\"publisher\":{\"@id\":\"https:\\\/\\\/jorpack.com\\\/ca\\\/#organization\"},\"potentialAction\":[{\"@type\":\"SearchAction\",\"target\":{\"@type\":\"EntryPoint\",\"urlTemplate\":\"https:\\\/\\\/jorpack.com\\\/ca\\\/?s={search_term_string}\"},\"query-input\":{\"@type\":\"PropertyValueSpecification\",\"valueRequired\":true,\"valueName\":\"search_term_string\"}}],\"inLanguage\":\"ca\"},{\"@type\":\"Organization\",\"@id\":\"https:\\\/\\\/jorpack.com\\\/ca\\\/#organization\",\"name\":\"Jorpack\u00ae\",\"url\":\"https:\\\/\\\/jorpack.com\\\/ca\\\/\",\"logo\":{\"@type\":\"ImageObject\",\"inLanguage\":\"ca\",\"@id\":\"https:\\\/\\\/jorpack.com\\\/ca\\\/#\\\/schema\\\/logo\\\/image\\\/\",\"url\":\"https:\\\/\\\/jorpack.com\\\/wp-content\\\/uploads\\\/2022\\\/03\\\/cropped-jorpack-logotipo.png\",\"contentUrl\":\"https:\\\/\\\/jorpack.com\\\/wp-content\\\/uploads\\\/2022\\\/03\\\/cropped-jorpack-logotipo.png\",\"width\":500,\"height\":110,\"caption\":\"Jorpack\u00ae\"},\"image\":{\"@id\":\"https:\\\/\\\/jorpack.com\\\/ca\\\/#\\\/schema\\\/logo\\\/image\\\/\"}},{\"@type\":\"Person\",\"@id\":\"https:\\\/\\\/jorpack.com\\\/ca\\\/#\\\/schema\\\/person\\\/6da976c8ef524cf29dc624a84a654794\",\"name\":\"Jorpack\",\"image\":{\"@type\":\"ImageObject\",\"inLanguage\":\"ca\",\"@id\":\"https:\\\/\\\/secure.gravatar.com\\\/avatar\\\/1798068d51df2c6ab6fc0cc682628e0df8716b45be1a78f16d6912fa8a02d647?s=96&d=mm&r=g\",\"url\":\"https:\\\/\\\/secure.gravatar.com\\\/avatar\\\/1798068d51df2c6ab6fc0cc682628e0df8716b45be1a78f16d6912fa8a02d647?s=96&d=mm&r=g\",\"contentUrl\":\"https:\\\/\\\/secure.gravatar.com\\\/avatar\\\/1798068d51df2c6ab6fc0cc682628e0df8716b45be1a78f16d6912fa8a02d647?s=96&d=mm&r=g\",\"caption\":\"Jorpack\"},\"url\":\"https:\\\/\\\/jorpack.com\\\/ca\\\/author\\\/marketingjorpack-com\\\/\"}]}<\/script>\n<!-- \/ Yoast SEO plugin. -->","yoast_head_json":{"title":"Especial Enomaq 2025 - Jorpack\u00ae","description":"Descobreix la tercera edici\u00f3 de la nostra revista \"Packaging con voces expertas\", un especial per a la Fira Enomaq 2025, a Fira Saragossa.","robots":{"index":"index","follow":"follow","max-snippet":"max-snippet:-1","max-image-preview":"max-image-preview:large","max-video-preview":"max-video-preview:-1"},"canonical":"https:\/\/jorpack.com\/ca\/destacada-ca\/jorpack-estara-a-enomaq-2025-2\/","og_locale":"ca_ES","og_type":"article","og_title":"Especial Enomaq 2025 - Jorpack\u00ae","og_description":"Descobreix la tercera edici\u00f3 de la nostra revista \"Packaging con voces expertas\", un especial per a la Fira Enomaq 2025, a Fira Saragossa.","og_url":"https:\/\/jorpack.com\/ca\/destacada-ca\/jorpack-estara-a-enomaq-2025-2\/","og_site_name":"Jorpack\u00ae","article_published_time":"2025-02-07T07:49:09+00:00","og_image":[{"width":700,"height":700,"url":"https:\/\/jorpack.com\/wp-content\/uploads\/2025\/02\/post-linkedin-revista-enomaq-descarga_1x1-cat.jpg","type":"image\/jpeg"}],"author":"Jorpack","twitter_card":"summary_large_image","twitter_misc":{"Escrit per":"Jorpack","Temps estimat de lectura":"1 minut"},"schema":{"@context":"https:\/\/schema.org","@graph":[{"@type":"Article","@id":"https:\/\/jorpack.com\/ca\/destacada-ca\/jorpack-estara-a-enomaq-2025-2\/#article","isPartOf":{"@id":"https:\/\/jorpack.com\/ca\/destacada-ca\/jorpack-estara-a-enomaq-2025-2\/"},"author":{"name":"Jorpack","@id":"https:\/\/jorpack.com\/ca\/#\/schema\/person\/6da976c8ef524cf29dc624a84a654794"},"headline":"Especial Enomaq 2025","datePublished":"2025-02-07T07:49:09+00:00","mainEntityOfPage":{"@id":"https:\/\/jorpack.com\/ca\/destacada-ca\/jorpack-estara-a-enomaq-2025-2\/"},"wordCount":158,"publisher":{"@id":"https:\/\/jorpack.com\/ca\/#organization"},"image":{"@id":"https:\/\/jorpack.com\/ca\/destacada-ca\/jorpack-estara-a-enomaq-2025-2\/#primaryimage"},"thumbnailUrl":"https:\/\/jorpack.com\/wp-content\/uploads\/2025\/02\/post-linkedin-revista-enomaq-descarga_1x1-cat.jpg","articleSection":["Empresa"],"inLanguage":"ca"},{"@type":"WebPage","@id":"https:\/\/jorpack.com\/ca\/destacada-ca\/jorpack-estara-a-enomaq-2025-2\/","url":"https:\/\/jorpack.com\/ca\/destacada-ca\/jorpack-estara-a-enomaq-2025-2\/","name":"Especial Enomaq 2025 - Jorpack\u00ae","isPartOf":{"@id":"https:\/\/jorpack.com\/ca\/#website"},"primaryImageOfPage":{"@id":"https:\/\/jorpack.com\/ca\/destacada-ca\/jorpack-estara-a-enomaq-2025-2\/#primaryimage"},"image":{"@id":"https:\/\/jorpack.com\/ca\/destacada-ca\/jorpack-estara-a-enomaq-2025-2\/#primaryimage"},"thumbnailUrl":"https:\/\/jorpack.com\/wp-content\/uploads\/2025\/02\/post-linkedin-revista-enomaq-descarga_1x1-cat.jpg","datePublished":"2025-02-07T07:49:09+00:00","description":"Descobreix la tercera edici\u00f3 de la nostra revista \"Packaging con voces expertas\", un especial per a la Fira Enomaq 2025, a Fira Saragossa.","breadcrumb":{"@id":"https:\/\/jorpack.com\/ca\/destacada-ca\/jorpack-estara-a-enomaq-2025-2\/#breadcrumb"},"inLanguage":"ca","potentialAction":[{"@type":"ReadAction","target":["https:\/\/jorpack.com\/ca\/destacada-ca\/jorpack-estara-a-enomaq-2025-2\/"]}]},{"@type":"ImageObject","inLanguage":"ca","@id":"https:\/\/jorpack.com\/ca\/destacada-ca\/jorpack-estara-a-enomaq-2025-2\/#primaryimage","url":"https:\/\/jorpack.com\/wp-content\/uploads\/2025\/02\/post-linkedin-revista-enomaq-descarga_1x1-cat.jpg","contentUrl":"https:\/\/jorpack.com\/wp-content\/uploads\/2025\/02\/post-linkedin-revista-enomaq-descarga_1x1-cat.jpg","width":700,"height":700,"caption":"Portada de la revista especial d'enomaq 2025."},{"@type":"BreadcrumbList","@id":"https:\/\/jorpack.com\/ca\/destacada-ca\/jorpack-estara-a-enomaq-2025-2\/#breadcrumb","itemListElement":[{"@type":"ListItem","position":1,"name":"Portada","item":"https:\/\/jorpack.com\/ca\/"},{"@type":"ListItem","position":2,"name":"Especial Enomaq 2025"}]},{"@type":"WebSite","@id":"https:\/\/jorpack.com\/ca\/#website","url":"https:\/\/jorpack.com\/ca\/","name":"Jorpack\u00ae","description":"Amplia selecci\u00f3n de Formadoras","publisher":{"@id":"https:\/\/jorpack.com\/ca\/#organization"},"potentialAction":[{"@type":"SearchAction","target":{"@type":"EntryPoint","urlTemplate":"https:\/\/jorpack.com\/ca\/?s={search_term_string}"},"query-input":{"@type":"PropertyValueSpecification","valueRequired":true,"valueName":"search_term_string"}}],"inLanguage":"ca"},{"@type":"Organization","@id":"https:\/\/jorpack.com\/ca\/#organization","name":"Jorpack\u00ae","url":"https:\/\/jorpack.com\/ca\/","logo":{"@type":"ImageObject","inLanguage":"ca","@id":"https:\/\/jorpack.com\/ca\/#\/schema\/logo\/image\/","url":"https:\/\/jorpack.com\/wp-content\/uploads\/2022\/03\/cropped-jorpack-logotipo.png","contentUrl":"https:\/\/jorpack.com\/wp-content\/uploads\/2022\/03\/cropped-jorpack-logotipo.png","width":500,"height":110,"caption":"Jorpack\u00ae"},"image":{"@id":"https:\/\/jorpack.com\/ca\/#\/schema\/logo\/image\/"}},{"@type":"Person","@id":"https:\/\/jorpack.com\/ca\/#\/schema\/person\/6da976c8ef524cf29dc624a84a654794","name":"Jorpack","image":{"@type":"ImageObject","inLanguage":"ca","@id":"https:\/\/secure.gravatar.com\/avatar\/1798068d51df2c6ab6fc0cc682628e0df8716b45be1a78f16d6912fa8a02d647?s=96&d=mm&r=g","url":"https:\/\/secure.gravatar.com\/avatar\/1798068d51df2c6ab6fc0cc682628e0df8716b45be1a78f16d6912fa8a02d647?s=96&d=mm&r=g","contentUrl":"https:\/\/secure.gravatar.com\/avatar\/1798068d51df2c6ab6fc0cc682628e0df8716b45be1a78f16d6912fa8a02d647?s=96&d=mm&r=g","caption":"Jorpack"},"url":"https:\/\/jorpack.com\/ca\/author\/marketingjorpack-com\/"}]}},"_links":{"self":[{"href":"https:\/\/jorpack.com\/ca\/wp-json\/wp\/v2\/posts\/13893","targetHints":{"allow":["GET"]}}],"collection":[{"href":"https:\/\/jorpack.com\/ca\/wp-json\/wp\/v2\/posts"}],"about":[{"href":"https:\/\/jorpack.com\/ca\/wp-json\/wp\/v2\/types\/post"}],"author":[{"embeddable":true,"href":"https:\/\/jorpack.com\/ca\/wp-json\/wp\/v2\/users\/4"}],"replies":[{"embeddable":true,"href":"https:\/\/jorpack.com\/ca\/wp-json\/wp\/v2\/comments?post=13893"}],"version-history":[{"count":0,"href":"https:\/\/jorpack.com\/ca\/wp-json\/wp\/v2\/posts\/13893\/revisions"}],"wp:featuredmedia":[{"embeddable":true,"href":"https:\/\/jorpack.com\/ca\/wp-json\/wp\/v2\/media\/14032"}],"wp:attachment":[{"href":"https:\/\/jorpack.com\/ca\/wp-json\/wp\/v2\/media?parent=13893"}],"wp:term":[{"taxonomy":"category","embeddable":true,"href":"https:\/\/jorpack.com\/ca\/wp-json\/wp\/v2\/categories?post=13893"},{"taxonomy":"post_tag","embeddable":true,"href":"https:\/\/jorpack.com\/ca\/wp-json\/wp\/v2\/tags?post=13893"},{"taxonomy":"sector","embeddable":true,"href":"https:\/\/jorpack.com\/ca\/wp-json\/wp\/v2\/sector?post=13893"}],"curies":[{"name":"wp","href":"https:\/\/api.w.org\/{rel}","templated":true}]}}